{"id":7168,"date":"2022-02-11T16:51:14","date_gmt":"2022-02-11T16:51:14","guid":{"rendered":"http:\/\/www.maledictis.com\/?p=7168"},"modified":"2022-04-20T16:51:30","modified_gmt":"2022-04-20T16:51:30","slug":"isosceles-salva-reina","status":"publish","type":"post","link":"https:\/\/www.maledictis.com\/es\/isosceles-salva-reina\/","title":{"rendered":"IS\u00d3SCELES | Salva Reina"},"content":{"rendered":"<p>Estamos muy orgullos en MALEDICTIS Producciones, de haber formado parte del trabajo sonoro en la banda sonora de IS\u00d3SCELES, pel\u00edcula del cineasta y actor Salva Reina, que fue galardonada en el festival de Cine de M\u00e1laga 2022.<\/p>\n\n\n\n<p>Se realiz\u00f3 posteriormente un trabajo de Masterizaci\u00f3n para redes sociales y servicios de Streaming para la compositora de la obra, Paloma Pe\u00f1arrubia, cuyo talento y dedicaci\u00f3n le ha hecho ganadora de muchos otros premios en cert\u00e1menes de cine.<\/p>\n\n\n\n<p>El galard\u00f3n, en este caso el <strong>Premio<\/strong> <strong>Escuelas de Cine<\/strong>\u00a0al <strong>Mejor Largometraje de<\/strong> <strong>ZonaZine<\/strong> del <a href=\"https:\/\/cinemagavia.es\/tag\/festival-de-malaga-2022\/\"><strong>Festival de M\u00e1laga 2022<\/strong><\/a>, ha sido otorgado a <strong>Is\u00f3sceles<\/strong>, una comedia no exenta de drama dirigida e interpretada por <strong>Ignacio Nacho<\/strong>. Junto con <strong>Salva Reina<\/strong> y <strong>Mara Guil<\/strong>, forman un tr\u00edo muy especial debido a que dos de los personajes son psiquiatras, uno de ellos ejerciendo en su consulta privada. Fueron ellos precisamente los que convencieron a <strong>Ignacio<\/strong> para que fuera el tercer protagonista.<\/p>\n\n\n\n<p>El guion ha sido escrito tambi\u00e9n por <strong>Ignacio Nacho<\/strong>, con unas frases memorables que son muy acertadas para afrontar la vida, los avatares que van surgiendo. La m\u00fasica corre a cargo de la malague\u00f1a <strong>Paloma Pe\u00f1arrubia<\/strong>, premiada con la <strong>Biznaga<\/strong> <strong>de Plata en 2019<\/strong> por la pel\u00edcula <strong>&#8220;<\/strong><em>Bajo la piel de lobo<\/em><strong>&#8220;<\/strong>. Dando la apariencia de una obra teatral, la fotograf\u00eda de <strong>Alfredo L\u00f3pez<\/strong>&nbsp;retrata el plano cerrado del interior, casi claustrof\u00f3bico, de un cortijo cerca de M\u00e1laga de unos amigos del director, en Ol\u00edas.<\/p>\n\n\n\n<p>De la producci\u00f3n se han encargado <strong>La Cochera Producciones<\/strong>, <strong>Ant\u00eddoto Films<\/strong>, <strong>La Dalia<\/strong> <strong>Films<\/strong>, <strong>Persons Films<\/strong>, <strong>Producciones Monas<\/strong> y <strong>Sierra Gador Producciones<\/strong>. Con 104 minutos de duraci\u00f3n, est\u00e1 todav\u00eda pendiente de la fecha de exhibici\u00f3n.<\/p>","protected":false},"excerpt":{"rendered":"<p>Estamos muy orgullos en MALEDICTIS Producciones, de haber formado parte del trabajo sonoro en la banda sonora de IS\u00d3SCELES, pel\u00edcula [&hellip;]<\/p>\n","protected":false},"author":1,"featured_media":7167,"comment_status":"closed","ping_status":"closed","sticky":false,"template":"","format":"standard","meta":{"footnotes":""},"categories":[43,42],"tags":[],"class_list":["post-7168","post","type-post","status-publish","format-standard","has-post-thumbnail","hentry","category-mastering","category-mixing"],"acf":[],"_links":{"self":[{"href":"https:\/\/www.maledictis.com\/es\/wp-json\/wp\/v2\/posts\/7168","targetHints":{"allow":["GET"]}}],"collection":[{"href":"https:\/\/www.maledictis.com\/es\/wp-json\/wp\/v2\/posts"}],"about":[{"href":"https:\/\/www.maledictis.com\/es\/wp-json\/wp\/v2\/types\/post"}],"author":[{"embeddable":true,"href":"https:\/\/www.maledictis.com\/es\/wp-json\/wp\/v2\/users\/1"}],"replies":[{"embeddable":true,"href":"https:\/\/www.maledictis.com\/es\/wp-json\/wp\/v2\/comments?post=7168"}],"version-history":[{"count":1,"href":"https:\/\/www.maledictis.com\/es\/wp-json\/wp\/v2\/posts\/7168\/revisions"}],"predecessor-version":[{"id":7169,"href":"https:\/\/www.maledictis.com\/es\/wp-json\/wp\/v2\/posts\/7168\/revisions\/7169"}],"wp:featuredmedia":[{"embeddable":true,"href":"https:\/\/www.maledictis.com\/es\/wp-json\/wp\/v2\/media\/7167"}],"wp:attachment":[{"href":"https:\/\/www.maledictis.com\/es\/wp-json\/wp\/v2\/media?parent=7168"}],"wp:term":[{"taxonomy":"category","embeddable":true,"href":"https:\/\/www.maledictis.com\/es\/wp-json\/wp\/v2\/categories?post=7168"},{"taxonomy":"post_tag","embeddable":true,"href":"https:\/\/www.maledictis.com\/es\/wp-json\/wp\/v2\/tags?post=7168"}],"curies":[{"name":"wp","href":"https:\/\/api.w.org\/{rel}","templated":true}]}}